{"id":8873,"date":"2024-10-31T09:11:44","date_gmt":"2024-10-31T09:11:44","guid":{"rendered":"https:\/\/afrikmanagement.com\/?p=8873"},"modified":"2024-10-31T09:11:44","modified_gmt":"2024-10-31T09:11:44","slug":"senegal-fonds-pour-la-formation-professionnelle-et-technique-3fpt-dr-babo-amadou-ba-dg-dresse-un-bilan-positif-de-10-annees-dexistence","status":"publish","type":"post","link":"https:\/\/afrikmanagement.com\/index.php\/2024\/10\/31\/senegal-fonds-pour-la-formation-professionnelle-et-technique-3fpt-dr-babo-amadou-ba-dg-dresse-un-bilan-positif-de-10-annees-dexistence\/","title":{"rendered":"S\u00e9n\u00e9gal &#8211; Fonds pour la formation professionnelle et technique (3FPT) : Dr Babo Amadou B\u00e2 (Dg) dresse un bilan positif de 10 ann\u00e9es d\u2019existence"},"content":{"rendered":"<div class=\"leaky_paywall_message_wrap\"><div id=\"leaky_paywall_message\"><a href=\"https:\/\/afrikmanagement.com\/?subscription\">S'abonner<\/a> ou <a href=\"https:\/\/afrikmanagement.com\/index.php\/login\/\">S'identifier<\/a> pour lire le reste de l'article.<\/div><\/div>","protected":false},"excerpt":{"rendered":"<p>S&#8217;abonner ou S&#8217;identifier pour lire le reste de l&#8217;article.<\/p>\n","protected":false},"author":5,"featured_media":8874,"comment_status":"open","ping_status":"closed","sticky":false,"template":"","format":"standard","meta":{"footnotes":""},"categories":[15],"tags":[1176,1180,925,1179,89,254,1177,55,1178],"class_list":["post-8873","post","type-post","status-publish","format-standard","has-post-thumbnail","hentry","category-ecoles-formations","tag-3fpt","tag-dg","tag-etudiants","tag-fonds","tag-formation","tag-jeunes","tag-professionnelle","tag-senegal","tag-technique"],"yoast_head":"<!-- This site is optimized with the Yoast SEO plugin v27.4 - https:\/\/yoast.com\/product\/yoast-seo-wordpress\/ -->\n<title>S\u00e9n\u00e9gal - Fonds pour la formation professionnelle et technique (3FPT) : Dr Babo Amadou B\u00e2 (Dg) dresse un bilan positif de 10 ann\u00e9es d\u2019existence - AFRIK Management<\/title>\n<meta name=\"description\" content=\"S\u00e9n\u00e9gal - Fonds pour la formation professionnelle et technique (3FPT) : Dr Babo Amadou B\u00e2 (Dg) dresse un bilan positif de 10 ann\u00e9es d\u2019existence AFRIK Management\" \/>\n<meta name=\"robots\" content=\"index, follow, max-snippet:-1, max-image-preview:large, max-video-preview:-1\" \/>\n<link rel=\"canonical\" href=\"https:\/\/afrikmanagement.com\/index.php\/2024\/10\/31\/senegal-fonds-pour-la-formation-professionnelle-et-technique-3fpt-dr-babo-amadou-ba-dg-dresse-un-bilan-positif-de-10-annees-dexistence\/\" \/>\n<meta property=\"og:locale\" content=\"fr_FR\" \/>\n<meta property=\"og:type\" content=\"article\" \/>\n<meta property=\"og:title\" content=\"S\u00e9n\u00e9gal - Fonds pour la formation professionnelle et technique (3FPT) : Dr Babo Amadou B\u00e2 (Dg) dresse un bilan positif de 10 ann\u00e9es d\u2019existence - AFRIK Management\" \/>\n<meta property=\"og:description\" content=\"S\u00e9n\u00e9gal - Fonds pour la formation professionnelle et technique (3FPT) : Dr Babo Amadou B\u00e2 (Dg) dresse un bilan positif de 10 ann\u00e9es d\u2019existence AFRIK Management\" \/>\n<meta property=\"og:url\" content=\"https:\/\/afrikmanagement.com\/index.php\/2024\/10\/31\/senegal-fonds-pour-la-formation-professionnelle-et-technique-3fpt-dr-babo-amadou-ba-dg-dresse-un-bilan-positif-de-10-annees-dexistence\/\" \/>\n<meta property=\"og:site_name\" content=\"AFRIK Management\" \/>\n<meta property=\"article:publisher\" content=\"https:\/\/www.facebook.com\/afrikmanagement\" \/>\n<meta property=\"article:author\" content=\"https:\/\/www.facebook.com\/MbaEnLigne\" \/>\n<meta property=\"article:published_time\" content=\"2024-10-31T09:11:44+00:00\" \/>\n<meta property=\"og:image\" content=\"https:\/\/afrikmanagement.com\/wp-content\/uploads\/2024\/10\/FORMATION-PROFESSIONNELLE.jpg\" \/>\n\t<meta property=\"og:image:width\" content=\"900\" \/>\n\t<meta property=\"og:image:height\" content=\"669\" \/>\n\t<meta property=\"og:image:type\" content=\"image\/jpeg\" \/>\n<meta name=\"author\" content=\"admin\" \/>\n<meta name=\"twitter:card\" content=\"summary_large_image\" \/>\n<meta name=\"twitter:creator\" content=\"@AfrikManagement\" \/>\n<meta name=\"twitter:site\" content=\"@AfrikManagement\" \/>\n<meta name=\"twitter:label1\" content=\"\u00c9crit par\" \/>\n\t<meta name=\"twitter:data1\" content=\"admin\" \/>\n\t<meta name=\"twitter:label2\" content=\"Dur\u00e9e de lecture estim\u00e9e\" \/>\n\t<meta name=\"twitter:data2\" content=\"2 minutes\" \/>\n<script type=\"application\/ld+json\" class=\"yoast-schema-graph\">{\"@context\":\"https:\\\/\\\/schema.org\",\"@graph\":[{\"@type\":\"Article\",\"@id\":\"https:\\\/\\\/afrikmanagement.com\\\/index.php\\\/2024\\\/10\\\/31\\\/senegal-fonds-pour-la-formation-professionnelle-et-technique-3fpt-dr-babo-amadou-ba-dg-dresse-un-bilan-positif-de-10-annees-dexistence\\\/#article\",\"isPartOf\":{\"@id\":\"https:\\\/\\\/afrikmanagement.com\\\/index.php\\\/2024\\\/10\\\/31\\\/senegal-fonds-pour-la-formation-professionnelle-et-technique-3fpt-dr-babo-amadou-ba-dg-dresse-un-bilan-positif-de-10-annees-dexistence\\\/\"},\"author\":{\"name\":\"admin\",\"@id\":\"https:\\\/\\\/afrikmanagement.com\\\/#\\\/schema\\\/person\\\/239948dddb34dc41d2a60c698e12449f\"},\"headline\":\"S\u00e9n\u00e9gal &#8211; Fonds pour la formation professionnelle et technique (3FPT) : Dr Babo Amadou B\u00e2 (Dg) dresse un bilan positif de 10 ann\u00e9es d\u2019existence\",\"datePublished\":\"2024-10-31T09:11:44+00:00\",\"mainEntityOfPage\":{\"@id\":\"https:\\\/\\\/afrikmanagement.com\\\/index.php\\\/2024\\\/10\\\/31\\\/senegal-fonds-pour-la-formation-professionnelle-et-technique-3fpt-dr-babo-amadou-ba-dg-dresse-un-bilan-positif-de-10-annees-dexistence\\\/\"},\"wordCount\":387,\"commentCount\":0,\"publisher\":{\"@id\":\"https:\\\/\\\/afrikmanagement.com\\\/#organization\"},\"image\":{\"@id\":\"https:\\\/\\\/afrikmanagement.com\\\/index.php\\\/2024\\\/10\\\/31\\\/senegal-fonds-pour-la-formation-professionnelle-et-technique-3fpt-dr-babo-amadou-ba-dg-dresse-un-bilan-positif-de-10-annees-dexistence\\\/#primaryimage\"},\"thumbnailUrl\":\"https:\\\/\\\/afrikmanagement.com\\\/wp-content\\\/uploads\\\/2024\\\/10\\\/FORMATION-PROFESSIONNELLE.jpg\",\"keywords\":[\"3FPT\",\"Dg\",\"\u00e9tudiants\",\"fonds\",\"Formation\",\"jeunes\",\"professionnelle\",\"S\u00e9n\u00e9gal\",\"technique\"],\"articleSection\":[\"Ecoles &amp; Formations\"],\"inLanguage\":\"fr-FR\",\"potentialAction\":[{\"@type\":\"CommentAction\",\"name\":\"Comment\",\"target\":[\"https:\\\/\\\/afrikmanagement.com\\\/index.php\\\/2024\\\/10\\\/31\\\/senegal-fonds-pour-la-formation-professionnelle-et-technique-3fpt-dr-babo-amadou-ba-dg-dresse-un-bilan-positif-de-10-annees-dexistence\\\/#respond\"]}]},{\"@type\":\"WebPage\",\"@id\":\"https:\\\/\\\/afrikmanagement.com\\\/index.php\\\/2024\\\/10\\\/31\\\/senegal-fonds-pour-la-formation-professionnelle-et-technique-3fpt-dr-babo-amadou-ba-dg-dresse-un-bilan-positif-de-10-annees-dexistence\\\/\",\"url\":\"https:\\\/\\\/afrikmanagement.com\\\/index.php\\\/2024\\\/10\\\/31\\\/senegal-fonds-pour-la-formation-professionnelle-et-technique-3fpt-dr-babo-amadou-ba-dg-dresse-un-bilan-positif-de-10-annees-dexistence\\\/\",\"name\":\"S\u00e9n\u00e9gal - Fonds pour la formation professionnelle et technique (3FPT) : Dr Babo Amadou B\u00e2 (Dg) dresse un bilan positif de 10 ann\u00e9es d\u2019existence - AFRIK Management\",\"isPartOf\":{\"@id\":\"https:\\\/\\\/afrikmanagement.com\\\/#website\"},\"primaryImageOfPage\":{\"@id\":\"https:\\\/\\\/afrikmanagement.com\\\/index.php\\\/2024\\\/10\\\/31\\\/senegal-fonds-pour-la-formation-professionnelle-et-technique-3fpt-dr-babo-amadou-ba-dg-dresse-un-bilan-positif-de-10-annees-dexistence\\\/#primaryimage\"},\"image\":{\"@id\":\"https:\\\/\\\/afrikmanagement.com\\\/index.php\\\/2024\\\/10\\\/31\\\/senegal-fonds-pour-la-formation-professionnelle-et-technique-3fpt-dr-babo-amadou-ba-dg-dresse-un-bilan-positif-de-10-annees-dexistence\\\/#primaryimage\"},\"thumbnailUrl\":\"https:\\\/\\\/afrikmanagement.com\\\/wp-content\\\/uploads\\\/2024\\\/10\\\/FORMATION-PROFESSIONNELLE.jpg\",\"datePublished\":\"2024-10-31T09:11:44+00:00\",\"description\":\"S\u00e9n\u00e9gal - Fonds pour la formation professionnelle et technique (3FPT) : Dr Babo Amadou B\u00e2 (Dg) dresse un bilan positif de 10 ann\u00e9es d\u2019existence AFRIK Management\",\"breadcrumb\":{\"@id\":\"https:\\\/\\\/afrikmanagement.com\\\/index.php\\\/2024\\\/10\\\/31\\\/senegal-fonds-pour-la-formation-professionnelle-et-technique-3fpt-dr-babo-amadou-ba-dg-dresse-un-bilan-positif-de-10-annees-dexistence\\\/#breadcrumb\"},\"inLanguage\":\"fr-FR\",\"potentialAction\":[{\"@type\":\"ReadAction\",\"target\":[\"https:\\\/\\\/afrikmanagement.com\\\/index.php\\\/2024\\\/10\\\/31\\\/senegal-fonds-pour-la-formation-professionnelle-et-technique-3fpt-dr-babo-amadou-ba-dg-dresse-un-bilan-positif-de-10-annees-dexistence\\\/\"]}]},{\"@type\":\"ImageObject\",\"inLanguage\":\"fr-FR\",\"@id\":\"https:\\\/\\\/afrikmanagement.com\\\/index.php\\\/2024\\\/10\\\/31\\\/senegal-fonds-pour-la-formation-professionnelle-et-technique-3fpt-dr-babo-amadou-ba-dg-dresse-un-bilan-positif-de-10-annees-dexistence\\\/#primaryimage\",\"url\":\"https:\\\/\\\/afrikmanagement.com\\\/wp-content\\\/uploads\\\/2024\\\/10\\\/FORMATION-PROFESSIONNELLE.jpg\",\"contentUrl\":\"https:\\\/\\\/afrikmanagement.com\\\/wp-content\\\/uploads\\\/2024\\\/10\\\/FORMATION-PROFESSIONNELLE.jpg\",\"width\":900,\"height\":669,\"caption\":\"Dr Babo Amadou B\u00e2, Directeur g\u00e9n\u00e9ral du pour la formation professionnelle et technique\"},{\"@type\":\"BreadcrumbList\",\"@id\":\"https:\\\/\\\/afrikmanagement.com\\\/index.php\\\/2024\\\/10\\\/31\\\/senegal-fonds-pour-la-formation-professionnelle-et-technique-3fpt-dr-babo-amadou-ba-dg-dresse-un-bilan-positif-de-10-annees-dexistence\\\/#breadcrumb\",\"itemListElement\":[{\"@type\":\"ListItem\",\"position\":1,\"name\":\"Accueil\",\"item\":\"https:\\\/\\\/afrikmanagement.com\\\/\"},{\"@type\":\"ListItem\",\"position\":2,\"name\":\"S\u00e9n\u00e9gal &#8211; Fonds pour la formation professionnelle et technique (3FPT) : Dr Babo Amadou B\u00e2 (Dg) dresse un bilan positif de 10 ann\u00e9es d\u2019existence\"}]},{\"@type\":\"WebSite\",\"@id\":\"https:\\\/\\\/afrikmanagement.com\\\/#website\",\"url\":\"https:\\\/\\\/afrikmanagement.com\\\/\",\"name\":\"AFRIK Management\",\"description\":\"\",\"publisher\":{\"@id\":\"https:\\\/\\\/afrikmanagement.com\\\/#organization\"},\"potentialAction\":[{\"@type\":\"SearchAction\",\"target\":{\"@type\":\"EntryPoint\",\"urlTemplate\":\"https:\\\/\\\/afrikmanagement.com\\\/?s={search_term_string}\"},\"query-input\":{\"@type\":\"PropertyValueSpecification\",\"valueRequired\":true,\"valueName\":\"search_term_string\"}}],\"inLanguage\":\"fr-FR\"},{\"@type\":\"Organization\",\"@id\":\"https:\\\/\\\/afrikmanagement.com\\\/#organization\",\"name\":\"AFRIK Management\",\"url\":\"https:\\\/\\\/afrikmanagement.com\\\/\",\"logo\":{\"@type\":\"ImageObject\",\"inLanguage\":\"fr-FR\",\"@id\":\"https:\\\/\\\/afrikmanagement.com\\\/#\\\/schema\\\/logo\\\/image\\\/\",\"url\":\"https:\\\/\\\/afrikmanagement.com\\\/wp-content\\\/uploads\\\/2023\\\/04\\\/Logo-Arik_Plan-de-travail-1-01.svg\",\"contentUrl\":\"https:\\\/\\\/afrikmanagement.com\\\/wp-content\\\/uploads\\\/2023\\\/04\\\/Logo-Arik_Plan-de-travail-1-01.svg\",\"width\":1,\"height\":1,\"caption\":\"AFRIK Management\"},\"image\":{\"@id\":\"https:\\\/\\\/afrikmanagement.com\\\/#\\\/schema\\\/logo\\\/image\\\/\"},\"sameAs\":[\"https:\\\/\\\/www.facebook.com\\\/afrikmanagement\",\"https:\\\/\\\/x.com\\\/AfrikManagement\"]},{\"@type\":\"Person\",\"@id\":\"https:\\\/\\\/afrikmanagement.com\\\/#\\\/schema\\\/person\\\/239948dddb34dc41d2a60c698e12449f\",\"name\":\"admin\",\"image\":{\"@type\":\"ImageObject\",\"inLanguage\":\"fr-FR\",\"@id\":\"https:\\\/\\\/secure.gravatar.com\\\/avatar\\\/62087c831dec66564c746c71bb8ffe1c4185dd130949febb5e82199256bf4e5d?s=96&d=mm&r=g\",\"url\":\"https:\\\/\\\/secure.gravatar.com\\\/avatar\\\/62087c831dec66564c746c71bb8ffe1c4185dd130949febb5e82199256bf4e5d?s=96&d=mm&r=g\",\"contentUrl\":\"https:\\\/\\\/secure.gravatar.com\\\/avatar\\\/62087c831dec66564c746c71bb8ffe1c4185dd130949febb5e82199256bf4e5d?s=96&d=mm&r=g\",\"caption\":\"admin\"},\"description\":\"Soutenez votre m\u00e9dia ind\u00e9pendant de management : abonnez-vous \u00e0 Afrik Management au service des individus et des organisations ! \u00c0 15 \u20ac\\\/An A compter de f\u00e9vrier 2024, acc\u00e9dez \u00e0 des contenus exclusifs sur et naviguez pour 15 \u20ac par an seulement ! Notre mission en tant que m\u00e9dia de management ? Rendre le savoir accessible au plus grand monde. Nous produisons chaque jour nos propres articles, enqu\u00eates et reportages, le tout \u00e0 taille humaine. Soutenez-nous dans cette d\u00e9marche et cette ambition.\",\"sameAs\":[\"https:\\\/\\\/cvpt.tn\",\"https:\\\/\\\/www.facebook.com\\\/MbaEnLigne\",\"UC7p9v9qjJHnCt36C5PvHKhg\"],\"url\":\"https:\\\/\\\/afrikmanagement.com\\\/index.php\\\/author\\\/wxrmg2xuqd\\\/\"}]}<\/script>\n<!-- \/ Yoast SEO plugin. -->","yoast_head_json":{"title":"S\u00e9n\u00e9gal - Fonds pour la formation professionnelle et technique (3FPT) : Dr Babo Amadou B\u00e2 (Dg) dresse un bilan positif de 10 ann\u00e9es d\u2019existence - AFRIK Management","description":"S\u00e9n\u00e9gal - Fonds pour la formation professionnelle et technique (3FPT) : Dr Babo Amadou B\u00e2 (Dg) dresse un bilan positif de 10 ann\u00e9es d\u2019existence AFRIK Management","robots":{"index":"index","follow":"follow","max-snippet":"max-snippet:-1","max-image-preview":"max-image-preview:large","max-video-preview":"max-video-preview:-1"},"canonical":"https:\/\/afrikmanagement.com\/index.php\/2024\/10\/31\/senegal-fonds-pour-la-formation-professionnelle-et-technique-3fpt-dr-babo-amadou-ba-dg-dresse-un-bilan-positif-de-10-annees-dexistence\/","og_locale":"fr_FR","og_type":"article","og_title":"S\u00e9n\u00e9gal - Fonds pour la formation professionnelle et technique (3FPT) : Dr Babo Amadou B\u00e2 (Dg) dresse un bilan positif de 10 ann\u00e9es d\u2019existence - AFRIK Management","og_description":"S\u00e9n\u00e9gal - Fonds pour la formation professionnelle et technique (3FPT) : Dr Babo Amadou B\u00e2 (Dg) dresse un bilan positif de 10 ann\u00e9es d\u2019existence AFRIK Management","og_url":"https:\/\/afrikmanagement.com\/index.php\/2024\/10\/31\/senegal-fonds-pour-la-formation-professionnelle-et-technique-3fpt-dr-babo-amadou-ba-dg-dresse-un-bilan-positif-de-10-annees-dexistence\/","og_site_name":"AFRIK Management","article_publisher":"https:\/\/www.facebook.com\/afrikmanagement","article_author":"https:\/\/www.facebook.com\/MbaEnLigne","article_published_time":"2024-10-31T09:11:44+00:00","og_image":[{"width":900,"height":669,"url":"https:\/\/afrikmanagement.com\/wp-content\/uploads\/2024\/10\/FORMATION-PROFESSIONNELLE.jpg","type":"image\/jpeg"}],"author":"admin","twitter_card":"summary_large_image","twitter_creator":"@AfrikManagement","twitter_site":"@AfrikManagement","twitter_misc":{"\u00c9crit par":"admin","Dur\u00e9e de lecture estim\u00e9e":"2 minutes"},"schema":{"@context":"https:\/\/schema.org","@graph":[{"@type":"Article","@id":"https:\/\/afrikmanagement.com\/index.php\/2024\/10\/31\/senegal-fonds-pour-la-formation-professionnelle-et-technique-3fpt-dr-babo-amadou-ba-dg-dresse-un-bilan-positif-de-10-annees-dexistence\/#article","isPartOf":{"@id":"https:\/\/afrikmanagement.com\/index.php\/2024\/10\/31\/senegal-fonds-pour-la-formation-professionnelle-et-technique-3fpt-dr-babo-amadou-ba-dg-dresse-un-bilan-positif-de-10-annees-dexistence\/"},"author":{"name":"admin","@id":"https:\/\/afrikmanagement.com\/#\/schema\/person\/239948dddb34dc41d2a60c698e12449f"},"headline":"S\u00e9n\u00e9gal &#8211; Fonds pour la formation professionnelle et technique (3FPT) : Dr Babo Amadou B\u00e2 (Dg) dresse un bilan positif de 10 ann\u00e9es d\u2019existence","datePublished":"2024-10-31T09:11:44+00:00","mainEntityOfPage":{"@id":"https:\/\/afrikmanagement.com\/index.php\/2024\/10\/31\/senegal-fonds-pour-la-formation-professionnelle-et-technique-3fpt-dr-babo-amadou-ba-dg-dresse-un-bilan-positif-de-10-annees-dexistence\/"},"wordCount":387,"commentCount":0,"publisher":{"@id":"https:\/\/afrikmanagement.com\/#organization"},"image":{"@id":"https:\/\/afrikmanagement.com\/index.php\/2024\/10\/31\/senegal-fonds-pour-la-formation-professionnelle-et-technique-3fpt-dr-babo-amadou-ba-dg-dresse-un-bilan-positif-de-10-annees-dexistence\/#primaryimage"},"thumbnailUrl":"https:\/\/afrikmanagement.com\/wp-content\/uploads\/2024\/10\/FORMATION-PROFESSIONNELLE.jpg","keywords":["3FPT","Dg","\u00e9tudiants","fonds","Formation","jeunes","professionnelle","S\u00e9n\u00e9gal","technique"],"articleSection":["Ecoles &amp; Formations"],"inLanguage":"fr-FR","potentialAction":[{"@type":"CommentAction","name":"Comment","target":["https:\/\/afrikmanagement.com\/index.php\/2024\/10\/31\/senegal-fonds-pour-la-formation-professionnelle-et-technique-3fpt-dr-babo-amadou-ba-dg-dresse-un-bilan-positif-de-10-annees-dexistence\/#respond"]}]},{"@type":"WebPage","@id":"https:\/\/afrikmanagement.com\/index.php\/2024\/10\/31\/senegal-fonds-pour-la-formation-professionnelle-et-technique-3fpt-dr-babo-amadou-ba-dg-dresse-un-bilan-positif-de-10-annees-dexistence\/","url":"https:\/\/afrikmanagement.com\/index.php\/2024\/10\/31\/senegal-fonds-pour-la-formation-professionnelle-et-technique-3fpt-dr-babo-amadou-ba-dg-dresse-un-bilan-positif-de-10-annees-dexistence\/","name":"S\u00e9n\u00e9gal - Fonds pour la formation professionnelle et technique (3FPT) : Dr Babo Amadou B\u00e2 (Dg) dresse un bilan positif de 10 ann\u00e9es d\u2019existence - AFRIK Management","isPartOf":{"@id":"https:\/\/afrikmanagement.com\/#website"},"primaryImageOfPage":{"@id":"https:\/\/afrikmanagement.com\/index.php\/2024\/10\/31\/senegal-fonds-pour-la-formation-professionnelle-et-technique-3fpt-dr-babo-amadou-ba-dg-dresse-un-bilan-positif-de-10-annees-dexistence\/#primaryimage"},"image":{"@id":"https:\/\/afrikmanagement.com\/index.php\/2024\/10\/31\/senegal-fonds-pour-la-formation-professionnelle-et-technique-3fpt-dr-babo-amadou-ba-dg-dresse-un-bilan-positif-de-10-annees-dexistence\/#primaryimage"},"thumbnailUrl":"https:\/\/afrikmanagement.com\/wp-content\/uploads\/2024\/10\/FORMATION-PROFESSIONNELLE.jpg","datePublished":"2024-10-31T09:11:44+00:00","description":"S\u00e9n\u00e9gal - Fonds pour la formation professionnelle et technique (3FPT) : Dr Babo Amadou B\u00e2 (Dg) dresse un bilan positif de 10 ann\u00e9es d\u2019existence AFRIK Management","breadcrumb":{"@id":"https:\/\/afrikmanagement.com\/index.php\/2024\/10\/31\/senegal-fonds-pour-la-formation-professionnelle-et-technique-3fpt-dr-babo-amadou-ba-dg-dresse-un-bilan-positif-de-10-annees-dexistence\/#breadcrumb"},"inLanguage":"fr-FR","potentialAction":[{"@type":"ReadAction","target":["https:\/\/afrikmanagement.com\/index.php\/2024\/10\/31\/senegal-fonds-pour-la-formation-professionnelle-et-technique-3fpt-dr-babo-amadou-ba-dg-dresse-un-bilan-positif-de-10-annees-dexistence\/"]}]},{"@type":"ImageObject","inLanguage":"fr-FR","@id":"https:\/\/afrikmanagement.com\/index.php\/2024\/10\/31\/senegal-fonds-pour-la-formation-professionnelle-et-technique-3fpt-dr-babo-amadou-ba-dg-dresse-un-bilan-positif-de-10-annees-dexistence\/#primaryimage","url":"https:\/\/afrikmanagement.com\/wp-content\/uploads\/2024\/10\/FORMATION-PROFESSIONNELLE.jpg","contentUrl":"https:\/\/afrikmanagement.com\/wp-content\/uploads\/2024\/10\/FORMATION-PROFESSIONNELLE.jpg","width":900,"height":669,"caption":"Dr Babo Amadou B\u00e2, Directeur g\u00e9n\u00e9ral du pour la formation professionnelle et technique"},{"@type":"BreadcrumbList","@id":"https:\/\/afrikmanagement.com\/index.php\/2024\/10\/31\/senegal-fonds-pour-la-formation-professionnelle-et-technique-3fpt-dr-babo-amadou-ba-dg-dresse-un-bilan-positif-de-10-annees-dexistence\/#breadcrumb","itemListElement":[{"@type":"ListItem","position":1,"name":"Accueil","item":"https:\/\/afrikmanagement.com\/"},{"@type":"ListItem","position":2,"name":"S\u00e9n\u00e9gal &#8211; Fonds pour la formation professionnelle et technique (3FPT) : Dr Babo Amadou B\u00e2 (Dg) dresse un bilan positif de 10 ann\u00e9es d\u2019existence"}]},{"@type":"WebSite","@id":"https:\/\/afrikmanagement.com\/#website","url":"https:\/\/afrikmanagement.com\/","name":"AFRIK Management","description":"","publisher":{"@id":"https:\/\/afrikmanagement.com\/#organization"},"potentialAction":[{"@type":"SearchAction","target":{"@type":"EntryPoint","urlTemplate":"https:\/\/afrikmanagement.com\/?s={search_term_string}"},"query-input":{"@type":"PropertyValueSpecification","valueRequired":true,"valueName":"search_term_string"}}],"inLanguage":"fr-FR"},{"@type":"Organization","@id":"https:\/\/afrikmanagement.com\/#organization","name":"AFRIK Management","url":"https:\/\/afrikmanagement.com\/","logo":{"@type":"ImageObject","inLanguage":"fr-FR","@id":"https:\/\/afrikmanagement.com\/#\/schema\/logo\/image\/","url":"https:\/\/afrikmanagement.com\/wp-content\/uploads\/2023\/04\/Logo-Arik_Plan-de-travail-1-01.svg","contentUrl":"https:\/\/afrikmanagement.com\/wp-content\/uploads\/2023\/04\/Logo-Arik_Plan-de-travail-1-01.svg","width":1,"height":1,"caption":"AFRIK Management"},"image":{"@id":"https:\/\/afrikmanagement.com\/#\/schema\/logo\/image\/"},"sameAs":["https:\/\/www.facebook.com\/afrikmanagement","https:\/\/x.com\/AfrikManagement"]},{"@type":"Person","@id":"https:\/\/afrikmanagement.com\/#\/schema\/person\/239948dddb34dc41d2a60c698e12449f","name":"admin","image":{"@type":"ImageObject","inLanguage":"fr-FR","@id":"https:\/\/secure.gravatar.com\/avatar\/62087c831dec66564c746c71bb8ffe1c4185dd130949febb5e82199256bf4e5d?s=96&d=mm&r=g","url":"https:\/\/secure.gravatar.com\/avatar\/62087c831dec66564c746c71bb8ffe1c4185dd130949febb5e82199256bf4e5d?s=96&d=mm&r=g","contentUrl":"https:\/\/secure.gravatar.com\/avatar\/62087c831dec66564c746c71bb8ffe1c4185dd130949febb5e82199256bf4e5d?s=96&d=mm&r=g","caption":"admin"},"description":"Soutenez votre m\u00e9dia ind\u00e9pendant de management : abonnez-vous \u00e0 Afrik Management au service des individus et des organisations ! \u00c0 15 \u20ac\/An A compter de f\u00e9vrier 2024, acc\u00e9dez \u00e0 des contenus exclusifs sur et naviguez pour 15 \u20ac par an seulement ! Notre mission en tant que m\u00e9dia de management ? Rendre le savoir accessible au plus grand monde. Nous produisons chaque jour nos propres articles, enqu\u00eates et reportages, le tout \u00e0 taille humaine. Soutenez-nous dans cette d\u00e9marche et cette ambition.","sameAs":["https:\/\/cvpt.tn","https:\/\/www.facebook.com\/MbaEnLigne","UC7p9v9qjJHnCt36C5PvHKhg"],"url":"https:\/\/afrikmanagement.com\/index.php\/author\/wxrmg2xuqd\/"}]}},"_links":{"self":[{"href":"https:\/\/afrikmanagement.com\/index.php\/wp-json\/wp\/v2\/posts\/8873","targetHints":{"allow":["GET"]}}],"collection":[{"href":"https:\/\/afrikmanagement.com\/index.php\/wp-json\/wp\/v2\/posts"}],"about":[{"href":"https:\/\/afrikmanagement.com\/index.php\/wp-json\/wp\/v2\/types\/post"}],"author":[{"embeddable":true,"href":"https:\/\/afrikmanagement.com\/index.php\/wp-json\/wp\/v2\/users\/5"}],"replies":[{"embeddable":true,"href":"https:\/\/afrikmanagement.com\/index.php\/wp-json\/wp\/v2\/comments?post=8873"}],"version-history":[{"count":1,"href":"https:\/\/afrikmanagement.com\/index.php\/wp-json\/wp\/v2\/posts\/8873\/revisions"}],"predecessor-version":[{"id":8875,"href":"https:\/\/afrikmanagement.com\/index.php\/wp-json\/wp\/v2\/posts\/8873\/revisions\/8875"}],"wp:featuredmedia":[{"embeddable":true,"href":"https:\/\/afrikmanagement.com\/index.php\/wp-json\/wp\/v2\/media\/8874"}],"wp:attachment":[{"href":"https:\/\/afrikmanagement.com\/index.php\/wp-json\/wp\/v2\/media?parent=8873"}],"wp:term":[{"taxonomy":"category","embeddable":true,"href":"https:\/\/afrikmanagement.com\/index.php\/wp-json\/wp\/v2\/categories?post=8873"},{"taxonomy":"post_tag","embeddable":true,"href":"https:\/\/afrikmanagement.com\/index.php\/wp-json\/wp\/v2\/tags?post=8873"}],"curies":[{"name":"wp","href":"https:\/\/api.w.org\/{rel}","templated":true}]}}