{"id":12450,"date":"2025-11-24T11:40:15","date_gmt":"2025-11-24T11:40:15","guid":{"rendered":"https:\/\/afrikmanagement.com\/index.php\/2025\/11\/24\/iq-eq-remporte-les-prix-global-fund-administrator-of-the-year-administrateur-de-fonds-mondial-de-lannee-et-african-fund-administrator-of-the-year-administrateur\/"},"modified":"2025-11-24T11:40:15","modified_gmt":"2025-11-24T11:40:15","slug":"iq-eq-remporte-les-prix-global-fund-administrator-of-the-year-administrateur-de-fonds-mondial-de-lannee-et-african-fund-administrator-of-the-year-administrateur","status":"publish","type":"post","link":"https:\/\/afrikmanagement.com\/index.php\/2025\/11\/24\/iq-eq-remporte-les-prix-global-fund-administrator-of-the-year-administrateur-de-fonds-mondial-de-lannee-et-african-fund-administrator-of-the-year-administrateur\/","title":{"rendered":"IQ-EQ remporte les prix \u00ab Global Fund Administrator of the Year \u00bb (Administrateur de fonds mondial de l\u2019ann\u00e9e) et \u00ab African Fund Administrator of the Year \u00bb (Administrateur de fonds africain de l\u2019ann\u00e9e) lors des Asset Servicing Times Industry Excellence Awards 2025"},"content":{"rendered":"<div class=\"leaky_paywall_message_wrap\"><div id=\"leaky_paywall_message\"><a href=\"https:\/\/afrikmanagement.com\/?subscription\">S'abonner<\/a> ou <a href=\"https:\/\/afrikmanagement.com\/index.php\/login\/\">S'identifier<\/a> pour lire le reste de l'article.<\/div><\/div>","protected":false},"excerpt":{"rendered":"<p>S&#8217;abonner ou S&#8217;identifier pour lire le reste de l&#8217;article.<\/p>\n","protected":false},"author":2,"featured_media":12451,"comment_status":"closed","ping_status":"closed","sticky":false,"template":"","format":"standard","meta":{"footnotes":""},"categories":[1898],"tags":[],"class_list":["post-12450","post","type-post","status-publish","format-standard","has-post-thumbnail","hentry","category-ama"],"yoast_head":"<!-- This site is optimized with the Yoast SEO plugin v27.4 - https:\/\/yoast.com\/product\/yoast-seo-wordpress\/ -->\n<title>IQ-EQ remporte les prix \u00ab Global Fund Administrator of the Year \u00bb (Administrateur de fonds mondial de l\u2019ann\u00e9e) et \u00ab African Fund Administrator of the Year \u00bb (Administrateur de fonds africain de l\u2019ann\u00e9e) lors des Asset Servicing Times Industry Excellence Awards 2025 - AFRIK Management<\/title>\n<meta name=\"robots\" content=\"index, follow, max-snippet:-1, max-image-preview:large, max-video-preview:-1\" \/>\n<link rel=\"canonical\" href=\"https:\/\/afrikmanagement.com\/index.php\/2025\/11\/24\/iq-eq-remporte-les-prix-global-fund-administrator-of-the-year-administrateur-de-fonds-mondial-de-lannee-et-african-fund-administrator-of-the-year-administrateur\/\" \/>\n<meta property=\"og:locale\" content=\"fr_FR\" \/>\n<meta property=\"og:type\" content=\"article\" \/>\n<meta property=\"og:title\" content=\"IQ-EQ remporte les prix \u00ab Global Fund Administrator of the Year \u00bb (Administrateur de fonds mondial de l\u2019ann\u00e9e) et \u00ab African Fund Administrator of the Year \u00bb (Administrateur de fonds africain de l\u2019ann\u00e9e) lors des Asset Servicing Times Industry Excellence Awards 2025 - AFRIK Management\" \/>\n<meta property=\"og:description\" content=\"S&#039;abonner ou S&#039;identifier pour lire le reste de l&#039;article.\" \/>\n<meta property=\"og:url\" content=\"https:\/\/afrikmanagement.com\/index.php\/2025\/11\/24\/iq-eq-remporte-les-prix-global-fund-administrator-of-the-year-administrateur-de-fonds-mondial-de-lannee-et-african-fund-administrator-of-the-year-administrateur\/\" \/>\n<meta property=\"og:site_name\" content=\"AFRIK Management\" \/>\n<meta property=\"article:publisher\" content=\"https:\/\/www.facebook.com\/afrikmanagement\" \/>\n<meta property=\"article:published_time\" content=\"2025-11-24T11:40:15+00:00\" \/>\n<meta name=\"author\" content=\"Abir Trabelsi\" \/>\n<meta name=\"twitter:card\" content=\"summary_large_image\" \/>\n<meta name=\"twitter:creator\" content=\"@AfrikManagement\" \/>\n<meta name=\"twitter:site\" content=\"@AfrikManagement\" \/>\n<meta name=\"twitter:label1\" content=\"\u00c9crit par\" \/>\n\t<meta name=\"twitter:data1\" content=\"Abir Trabelsi\" \/>\n\t<meta name=\"twitter:label2\" content=\"Dur\u00e9e de lecture estim\u00e9e\" \/>\n\t<meta name=\"twitter:data2\" content=\"4 minutes\" \/>\n<script type=\"application\/ld+json\" class=\"yoast-schema-graph\">{\"@context\":\"https:\\\/\\\/schema.org\",\"@graph\":[{\"@type\":\"Article\",\"@id\":\"https:\\\/\\\/afrikmanagement.com\\\/index.php\\\/2025\\\/11\\\/24\\\/iq-eq-remporte-les-prix-global-fund-administrator-of-the-year-administrateur-de-fonds-mondial-de-lannee-et-african-fund-administrator-of-the-year-administrateur\\\/#article\",\"isPartOf\":{\"@id\":\"https:\\\/\\\/afrikmanagement.com\\\/index.php\\\/2025\\\/11\\\/24\\\/iq-eq-remporte-les-prix-global-fund-administrator-of-the-year-administrateur-de-fonds-mondial-de-lannee-et-african-fund-administrator-of-the-year-administrateur\\\/\"},\"author\":{\"name\":\"Abir Trabelsi\",\"@id\":\"https:\\\/\\\/afrikmanagement.com\\\/#\\\/schema\\\/person\\\/74d815fcd1e8616bf0c4089008358f4f\"},\"headline\":\"IQ-EQ remporte les prix \u00ab Global Fund Administrator of the Year \u00bb (Administrateur de fonds mondial de l\u2019ann\u00e9e) et \u00ab African Fund Administrator of the Year \u00bb (Administrateur de fonds africain de l\u2019ann\u00e9e) lors des Asset Servicing Times Industry Excellence Awards 2025\",\"datePublished\":\"2025-11-24T11:40:15+00:00\",\"mainEntityOfPage\":{\"@id\":\"https:\\\/\\\/afrikmanagement.com\\\/index.php\\\/2025\\\/11\\\/24\\\/iq-eq-remporte-les-prix-global-fund-administrator-of-the-year-administrateur-de-fonds-mondial-de-lannee-et-african-fund-administrator-of-the-year-administrateur\\\/\"},\"wordCount\":822,\"publisher\":{\"@id\":\"https:\\\/\\\/afrikmanagement.com\\\/#organization\"},\"image\":{\"@id\":\"https:\\\/\\\/afrikmanagement.com\\\/index.php\\\/2025\\\/11\\\/24\\\/iq-eq-remporte-les-prix-global-fund-administrator-of-the-year-administrateur-de-fonds-mondial-de-lannee-et-african-fund-administrator-of-the-year-administrateur\\\/#primaryimage\"},\"thumbnailUrl\":\"https:\\\/\\\/afrikmanagement.com\\\/wp-content\\\/uploads\\\/2025\\\/11\\\/unnamed-12-1.png\",\"articleSection\":[\"AMA\"],\"inLanguage\":\"fr-FR\"},{\"@type\":\"WebPage\",\"@id\":\"https:\\\/\\\/afrikmanagement.com\\\/index.php\\\/2025\\\/11\\\/24\\\/iq-eq-remporte-les-prix-global-fund-administrator-of-the-year-administrateur-de-fonds-mondial-de-lannee-et-african-fund-administrator-of-the-year-administrateur\\\/\",\"url\":\"https:\\\/\\\/afrikmanagement.com\\\/index.php\\\/2025\\\/11\\\/24\\\/iq-eq-remporte-les-prix-global-fund-administrator-of-the-year-administrateur-de-fonds-mondial-de-lannee-et-african-fund-administrator-of-the-year-administrateur\\\/\",\"name\":\"IQ-EQ remporte les prix \u00ab Global Fund Administrator of the Year \u00bb (Administrateur de fonds mondial de l\u2019ann\u00e9e) et \u00ab African Fund Administrator of the Year \u00bb (Administrateur de fonds africain de l\u2019ann\u00e9e) lors des Asset Servicing Times Industry Excellence Awards 2025 - AFRIK Management\",\"isPartOf\":{\"@id\":\"https:\\\/\\\/afrikmanagement.com\\\/#website\"},\"primaryImageOfPage\":{\"@id\":\"https:\\\/\\\/afrikmanagement.com\\\/index.php\\\/2025\\\/11\\\/24\\\/iq-eq-remporte-les-prix-global-fund-administrator-of-the-year-administrateur-de-fonds-mondial-de-lannee-et-african-fund-administrator-of-the-year-administrateur\\\/#primaryimage\"},\"image\":{\"@id\":\"https:\\\/\\\/afrikmanagement.com\\\/index.php\\\/2025\\\/11\\\/24\\\/iq-eq-remporte-les-prix-global-fund-administrator-of-the-year-administrateur-de-fonds-mondial-de-lannee-et-african-fund-administrator-of-the-year-administrateur\\\/#primaryimage\"},\"thumbnailUrl\":\"https:\\\/\\\/afrikmanagement.com\\\/wp-content\\\/uploads\\\/2025\\\/11\\\/unnamed-12-1.png\",\"datePublished\":\"2025-11-24T11:40:15+00:00\",\"breadcrumb\":{\"@id\":\"https:\\\/\\\/afrikmanagement.com\\\/index.php\\\/2025\\\/11\\\/24\\\/iq-eq-remporte-les-prix-global-fund-administrator-of-the-year-administrateur-de-fonds-mondial-de-lannee-et-african-fund-administrator-of-the-year-administrateur\\\/#breadcrumb\"},\"inLanguage\":\"fr-FR\",\"potentialAction\":[{\"@type\":\"ReadAction\",\"target\":[\"https:\\\/\\\/afrikmanagement.com\\\/index.php\\\/2025\\\/11\\\/24\\\/iq-eq-remporte-les-prix-global-fund-administrator-of-the-year-administrateur-de-fonds-mondial-de-lannee-et-african-fund-administrator-of-the-year-administrateur\\\/\"]}]},{\"@type\":\"ImageObject\",\"inLanguage\":\"fr-FR\",\"@id\":\"https:\\\/\\\/afrikmanagement.com\\\/index.php\\\/2025\\\/11\\\/24\\\/iq-eq-remporte-les-prix-global-fund-administrator-of-the-year-administrateur-de-fonds-mondial-de-lannee-et-african-fund-administrator-of-the-year-administrateur\\\/#primaryimage\",\"url\":\"https:\\\/\\\/afrikmanagement.com\\\/wp-content\\\/uploads\\\/2025\\\/11\\\/unnamed-12-1.png\",\"contentUrl\":\"https:\\\/\\\/afrikmanagement.com\\\/wp-content\\\/uploads\\\/2025\\\/11\\\/unnamed-12-1.png\",\"width\":853,\"height\":573},{\"@type\":\"BreadcrumbList\",\"@id\":\"https:\\\/\\\/afrikmanagement.com\\\/index.php\\\/2025\\\/11\\\/24\\\/iq-eq-remporte-les-prix-global-fund-administrator-of-the-year-administrateur-de-fonds-mondial-de-lannee-et-african-fund-administrator-of-the-year-administrateur\\\/#breadcrumb\",\"itemListElement\":[{\"@type\":\"ListItem\",\"position\":1,\"name\":\"Accueil\",\"item\":\"https:\\\/\\\/afrikmanagement.com\\\/\"},{\"@type\":\"ListItem\",\"position\":2,\"name\":\"IQ-EQ remporte les prix \u00ab Global Fund Administrator of the Year \u00bb (Administrateur de fonds mondial de l\u2019ann\u00e9e) et \u00ab African Fund Administrator of the Year \u00bb (Administrateur de fonds africain de l\u2019ann\u00e9e) lors des Asset Servicing Times Industry Excellence Awards 2025\"}]},{\"@type\":\"WebSite\",\"@id\":\"https:\\\/\\\/afrikmanagement.com\\\/#website\",\"url\":\"https:\\\/\\\/afrikmanagement.com\\\/\",\"name\":\"AFRIK Management\",\"description\":\"\",\"publisher\":{\"@id\":\"https:\\\/\\\/afrikmanagement.com\\\/#organization\"},\"potentialAction\":[{\"@type\":\"SearchAction\",\"target\":{\"@type\":\"EntryPoint\",\"urlTemplate\":\"https:\\\/\\\/afrikmanagement.com\\\/?s={search_term_string}\"},\"query-input\":{\"@type\":\"PropertyValueSpecification\",\"valueRequired\":true,\"valueName\":\"search_term_string\"}}],\"inLanguage\":\"fr-FR\"},{\"@type\":\"Organization\",\"@id\":\"https:\\\/\\\/afrikmanagement.com\\\/#organization\",\"name\":\"AFRIK Management\",\"url\":\"https:\\\/\\\/afrikmanagement.com\\\/\",\"logo\":{\"@type\":\"ImageObject\",\"inLanguage\":\"fr-FR\",\"@id\":\"https:\\\/\\\/afrikmanagement.com\\\/#\\\/schema\\\/logo\\\/image\\\/\",\"url\":\"https:\\\/\\\/afrikmanagement.com\\\/wp-content\\\/uploads\\\/2023\\\/04\\\/Logo-Arik_Plan-de-travail-1-01.svg\",\"contentUrl\":\"https:\\\/\\\/afrikmanagement.com\\\/wp-content\\\/uploads\\\/2023\\\/04\\\/Logo-Arik_Plan-de-travail-1-01.svg\",\"width\":1,\"height\":1,\"caption\":\"AFRIK Management\"},\"image\":{\"@id\":\"https:\\\/\\\/afrikmanagement.com\\\/#\\\/schema\\\/logo\\\/image\\\/\"},\"sameAs\":[\"https:\\\/\\\/www.facebook.com\\\/afrikmanagement\",\"https:\\\/\\\/x.com\\\/AfrikManagement\"]},{\"@type\":\"Person\",\"@id\":\"https:\\\/\\\/afrikmanagement.com\\\/#\\\/schema\\\/person\\\/74d815fcd1e8616bf0c4089008358f4f\",\"name\":\"Abir Trabelsi\",\"image\":{\"@type\":\"ImageObject\",\"inLanguage\":\"fr-FR\",\"@id\":\"https:\\\/\\\/secure.gravatar.com\\\/avatar\\\/d9f07be732abbb8f6b94bb3f7d863b6752ccc3fc7b721fd8cb2e72123695e338?s=96&d=mm&r=g\",\"url\":\"https:\\\/\\\/secure.gravatar.com\\\/avatar\\\/d9f07be732abbb8f6b94bb3f7d863b6752ccc3fc7b721fd8cb2e72123695e338?s=96&d=mm&r=g\",\"contentUrl\":\"https:\\\/\\\/secure.gravatar.com\\\/avatar\\\/d9f07be732abbb8f6b94bb3f7d863b6752ccc3fc7b721fd8cb2e72123695e338?s=96&d=mm&r=g\",\"caption\":\"Abir Trabelsi\"},\"url\":\"https:\\\/\\\/afrikmanagement.com\\\/index.php\\\/author\\\/abirtrabelsi\\\/\"}]}<\/script>\n<!-- \/ Yoast SEO plugin. -->","yoast_head_json":{"title":"IQ-EQ remporte les prix \u00ab Global Fund Administrator of the Year \u00bb (Administrateur de fonds mondial de l\u2019ann\u00e9e) et \u00ab African Fund Administrator of the Year \u00bb (Administrateur de fonds africain de l\u2019ann\u00e9e) lors des Asset Servicing Times Industry Excellence Awards 2025 - AFRIK Management","robots":{"index":"index","follow":"follow","max-snippet":"max-snippet:-1","max-image-preview":"max-image-preview:large","max-video-preview":"max-video-preview:-1"},"canonical":"https:\/\/afrikmanagement.com\/index.php\/2025\/11\/24\/iq-eq-remporte-les-prix-global-fund-administrator-of-the-year-administrateur-de-fonds-mondial-de-lannee-et-african-fund-administrator-of-the-year-administrateur\/","og_locale":"fr_FR","og_type":"article","og_title":"IQ-EQ remporte les prix \u00ab Global Fund Administrator of the Year \u00bb (Administrateur de fonds mondial de l\u2019ann\u00e9e) et \u00ab African Fund Administrator of the Year \u00bb (Administrateur de fonds africain de l\u2019ann\u00e9e) lors des Asset Servicing Times Industry Excellence Awards 2025 - AFRIK Management","og_description":"S'abonner ou S'identifier pour lire le reste de l'article.","og_url":"https:\/\/afrikmanagement.com\/index.php\/2025\/11\/24\/iq-eq-remporte-les-prix-global-fund-administrator-of-the-year-administrateur-de-fonds-mondial-de-lannee-et-african-fund-administrator-of-the-year-administrateur\/","og_site_name":"AFRIK Management","article_publisher":"https:\/\/www.facebook.com\/afrikmanagement","article_published_time":"2025-11-24T11:40:15+00:00","author":"Abir Trabelsi","twitter_card":"summary_large_image","twitter_creator":"@AfrikManagement","twitter_site":"@AfrikManagement","twitter_misc":{"\u00c9crit par":"Abir Trabelsi","Dur\u00e9e de lecture estim\u00e9e":"4 minutes"},"schema":{"@context":"https:\/\/schema.org","@graph":[{"@type":"Article","@id":"https:\/\/afrikmanagement.com\/index.php\/2025\/11\/24\/iq-eq-remporte-les-prix-global-fund-administrator-of-the-year-administrateur-de-fonds-mondial-de-lannee-et-african-fund-administrator-of-the-year-administrateur\/#article","isPartOf":{"@id":"https:\/\/afrikmanagement.com\/index.php\/2025\/11\/24\/iq-eq-remporte-les-prix-global-fund-administrator-of-the-year-administrateur-de-fonds-mondial-de-lannee-et-african-fund-administrator-of-the-year-administrateur\/"},"author":{"name":"Abir Trabelsi","@id":"https:\/\/afrikmanagement.com\/#\/schema\/person\/74d815fcd1e8616bf0c4089008358f4f"},"headline":"IQ-EQ remporte les prix \u00ab Global Fund Administrator of the Year \u00bb (Administrateur de fonds mondial de l\u2019ann\u00e9e) et \u00ab African Fund Administrator of the Year \u00bb (Administrateur de fonds africain de l\u2019ann\u00e9e) lors des Asset Servicing Times Industry Excellence Awards 2025","datePublished":"2025-11-24T11:40:15+00:00","mainEntityOfPage":{"@id":"https:\/\/afrikmanagement.com\/index.php\/2025\/11\/24\/iq-eq-remporte-les-prix-global-fund-administrator-of-the-year-administrateur-de-fonds-mondial-de-lannee-et-african-fund-administrator-of-the-year-administrateur\/"},"wordCount":822,"publisher":{"@id":"https:\/\/afrikmanagement.com\/#organization"},"image":{"@id":"https:\/\/afrikmanagement.com\/index.php\/2025\/11\/24\/iq-eq-remporte-les-prix-global-fund-administrator-of-the-year-administrateur-de-fonds-mondial-de-lannee-et-african-fund-administrator-of-the-year-administrateur\/#primaryimage"},"thumbnailUrl":"https:\/\/afrikmanagement.com\/wp-content\/uploads\/2025\/11\/unnamed-12-1.png","articleSection":["AMA"],"inLanguage":"fr-FR"},{"@type":"WebPage","@id":"https:\/\/afrikmanagement.com\/index.php\/2025\/11\/24\/iq-eq-remporte-les-prix-global-fund-administrator-of-the-year-administrateur-de-fonds-mondial-de-lannee-et-african-fund-administrator-of-the-year-administrateur\/","url":"https:\/\/afrikmanagement.com\/index.php\/2025\/11\/24\/iq-eq-remporte-les-prix-global-fund-administrator-of-the-year-administrateur-de-fonds-mondial-de-lannee-et-african-fund-administrator-of-the-year-administrateur\/","name":"IQ-EQ remporte les prix \u00ab Global Fund Administrator of the Year \u00bb (Administrateur de fonds mondial de l\u2019ann\u00e9e) et \u00ab African Fund Administrator of the Year \u00bb (Administrateur de fonds africain de l\u2019ann\u00e9e) lors des Asset Servicing Times Industry Excellence Awards 2025 - AFRIK Management","isPartOf":{"@id":"https:\/\/afrikmanagement.com\/#website"},"primaryImageOfPage":{"@id":"https:\/\/afrikmanagement.com\/index.php\/2025\/11\/24\/iq-eq-remporte-les-prix-global-fund-administrator-of-the-year-administrateur-de-fonds-mondial-de-lannee-et-african-fund-administrator-of-the-year-administrateur\/#primaryimage"},"image":{"@id":"https:\/\/afrikmanagement.com\/index.php\/2025\/11\/24\/iq-eq-remporte-les-prix-global-fund-administrator-of-the-year-administrateur-de-fonds-mondial-de-lannee-et-african-fund-administrator-of-the-year-administrateur\/#primaryimage"},"thumbnailUrl":"https:\/\/afrikmanagement.com\/wp-content\/uploads\/2025\/11\/unnamed-12-1.png","datePublished":"2025-11-24T11:40:15+00:00","breadcrumb":{"@id":"https:\/\/afrikmanagement.com\/index.php\/2025\/11\/24\/iq-eq-remporte-les-prix-global-fund-administrator-of-the-year-administrateur-de-fonds-mondial-de-lannee-et-african-fund-administrator-of-the-year-administrateur\/#breadcrumb"},"inLanguage":"fr-FR","potentialAction":[{"@type":"ReadAction","target":["https:\/\/afrikmanagement.com\/index.php\/2025\/11\/24\/iq-eq-remporte-les-prix-global-fund-administrator-of-the-year-administrateur-de-fonds-mondial-de-lannee-et-african-fund-administrator-of-the-year-administrateur\/"]}]},{"@type":"ImageObject","inLanguage":"fr-FR","@id":"https:\/\/afrikmanagement.com\/index.php\/2025\/11\/24\/iq-eq-remporte-les-prix-global-fund-administrator-of-the-year-administrateur-de-fonds-mondial-de-lannee-et-african-fund-administrator-of-the-year-administrateur\/#primaryimage","url":"https:\/\/afrikmanagement.com\/wp-content\/uploads\/2025\/11\/unnamed-12-1.png","contentUrl":"https:\/\/afrikmanagement.com\/wp-content\/uploads\/2025\/11\/unnamed-12-1.png","width":853,"height":573},{"@type":"BreadcrumbList","@id":"https:\/\/afrikmanagement.com\/index.php\/2025\/11\/24\/iq-eq-remporte-les-prix-global-fund-administrator-of-the-year-administrateur-de-fonds-mondial-de-lannee-et-african-fund-administrator-of-the-year-administrateur\/#breadcrumb","itemListElement":[{"@type":"ListItem","position":1,"name":"Accueil","item":"https:\/\/afrikmanagement.com\/"},{"@type":"ListItem","position":2,"name":"IQ-EQ remporte les prix \u00ab Global Fund Administrator of the Year \u00bb (Administrateur de fonds mondial de l\u2019ann\u00e9e) et \u00ab African Fund Administrator of the Year \u00bb (Administrateur de fonds africain de l\u2019ann\u00e9e) lors des Asset Servicing Times Industry Excellence Awards 2025"}]},{"@type":"WebSite","@id":"https:\/\/afrikmanagement.com\/#website","url":"https:\/\/afrikmanagement.com\/","name":"AFRIK Management","description":"","publisher":{"@id":"https:\/\/afrikmanagement.com\/#organization"},"potentialAction":[{"@type":"SearchAction","target":{"@type":"EntryPoint","urlTemplate":"https:\/\/afrikmanagement.com\/?s={search_term_string}"},"query-input":{"@type":"PropertyValueSpecification","valueRequired":true,"valueName":"search_term_string"}}],"inLanguage":"fr-FR"},{"@type":"Organization","@id":"https:\/\/afrikmanagement.com\/#organization","name":"AFRIK Management","url":"https:\/\/afrikmanagement.com\/","logo":{"@type":"ImageObject","inLanguage":"fr-FR","@id":"https:\/\/afrikmanagement.com\/#\/schema\/logo\/image\/","url":"https:\/\/afrikmanagement.com\/wp-content\/uploads\/2023\/04\/Logo-Arik_Plan-de-travail-1-01.svg","contentUrl":"https:\/\/afrikmanagement.com\/wp-content\/uploads\/2023\/04\/Logo-Arik_Plan-de-travail-1-01.svg","width":1,"height":1,"caption":"AFRIK Management"},"image":{"@id":"https:\/\/afrikmanagement.com\/#\/schema\/logo\/image\/"},"sameAs":["https:\/\/www.facebook.com\/afrikmanagement","https:\/\/x.com\/AfrikManagement"]},{"@type":"Person","@id":"https:\/\/afrikmanagement.com\/#\/schema\/person\/74d815fcd1e8616bf0c4089008358f4f","name":"Abir Trabelsi","image":{"@type":"ImageObject","inLanguage":"fr-FR","@id":"https:\/\/secure.gravatar.com\/avatar\/d9f07be732abbb8f6b94bb3f7d863b6752ccc3fc7b721fd8cb2e72123695e338?s=96&d=mm&r=g","url":"https:\/\/secure.gravatar.com\/avatar\/d9f07be732abbb8f6b94bb3f7d863b6752ccc3fc7b721fd8cb2e72123695e338?s=96&d=mm&r=g","contentUrl":"https:\/\/secure.gravatar.com\/avatar\/d9f07be732abbb8f6b94bb3f7d863b6752ccc3fc7b721fd8cb2e72123695e338?s=96&d=mm&r=g","caption":"Abir Trabelsi"},"url":"https:\/\/afrikmanagement.com\/index.php\/author\/abirtrabelsi\/"}]}},"_links":{"self":[{"href":"https:\/\/afrikmanagement.com\/index.php\/wp-json\/wp\/v2\/posts\/12450","targetHints":{"allow":["GET"]}}],"collection":[{"href":"https:\/\/afrikmanagement.com\/index.php\/wp-json\/wp\/v2\/posts"}],"about":[{"href":"https:\/\/afrikmanagement.com\/index.php\/wp-json\/wp\/v2\/types\/post"}],"author":[{"embeddable":true,"href":"https:\/\/afrikmanagement.com\/index.php\/wp-json\/wp\/v2\/users\/2"}],"replies":[{"embeddable":true,"href":"https:\/\/afrikmanagement.com\/index.php\/wp-json\/wp\/v2\/comments?post=12450"}],"version-history":[{"count":0,"href":"https:\/\/afrikmanagement.com\/index.php\/wp-json\/wp\/v2\/posts\/12450\/revisions"}],"wp:featuredmedia":[{"embeddable":true,"href":"https:\/\/afrikmanagement.com\/index.php\/wp-json\/wp\/v2\/media\/12451"}],"wp:attachment":[{"href":"https:\/\/afrikmanagement.com\/index.php\/wp-json\/wp\/v2\/media?parent=12450"}],"wp:term":[{"taxonomy":"category","embeddable":true,"href":"https:\/\/afrikmanagement.com\/index.php\/wp-json\/wp\/v2\/categories?post=12450"},{"taxonomy":"post_tag","embeddable":true,"href":"https:\/\/afrikmanagement.com\/index.php\/wp-json\/wp\/v2\/tags?post=12450"}],"curies":[{"name":"wp","href":"https:\/\/api.w.org\/{rel}","templated":true}]}}