{"id":11825,"date":"2025-07-30T12:47:04","date_gmt":"2025-07-30T12:47:04","guid":{"rendered":"https:\/\/afrikmanagement.com\/?p=11825"},"modified":"2025-07-30T12:47:04","modified_gmt":"2025-07-30T12:47:04","slug":"sante-face-aux-epidemies-la-cote-divoire-sorganise-a-mettre-en-place-une-equipe-medicale-durgence","status":"publish","type":"post","link":"https:\/\/afrikmanagement.com\/index.php\/2025\/07\/30\/sante-face-aux-epidemies-la-cote-divoire-sorganise-a-mettre-en-place-une-equipe-medicale-durgence\/","title":{"rendered":"Sant\u00e9 &#8211; Face aux \u00e9pid\u00e9mies : La C\u00f4te d\u2019Ivoire s\u2019organise \u00e0 mettre en place une \u00e9quipe m\u00e9dicale d\u2019urgence"},"content":{"rendered":"<div class=\"leaky_paywall_message_wrap\"><div id=\"leaky_paywall_message\"><a href=\"https:\/\/afrikmanagement.com\/?subscription\">S'abonner<\/a> ou <a href=\"https:\/\/afrikmanagement.com\/index.php\/login\/\">S'identifier<\/a> pour lire le reste de l'article.<\/div><\/div>","protected":false},"excerpt":{"rendered":"<p>S&#8217;abonner ou S&#8217;identifier pour lire le reste de l&#8217;article.<\/p>\n","protected":false},"author":5,"featured_media":11827,"comment_status":"open","ping_status":"closed","sticky":false,"template":"","format":"standard","meta":{"footnotes":""},"categories":[42],"tags":[69,2229,2231,2230,1056,155,814,230,84],"class_list":["post-11825","post","type-post","status-publish","format-standard","has-post-thumbnail","hentry","category-sante-bien-etre","tag-cedeao","tag-clinique","tag-crise","tag-hotal","tag-infection","tag-institut","tag-maladie","tag-ministere","tag-sante"],"yoast_head":"<!-- This site is optimized with the Yoast SEO plugin v27.4 - https:\/\/yoast.com\/product\/yoast-seo-wordpress\/ -->\n<title>Sant\u00e9 - Face aux \u00e9pid\u00e9mies : La C\u00f4te d\u2019Ivoire s\u2019organise \u00e0 mettre en place une \u00e9quipe m\u00e9dicale d\u2019urgence - AFRIK Management<\/title>\n<meta name=\"robots\" content=\"index, follow, max-snippet:-1, max-image-preview:large, max-video-preview:-1\" \/>\n<link rel=\"canonical\" href=\"https:\/\/afrikmanagement.com\/index.php\/2025\/07\/30\/sante-face-aux-epidemies-la-cote-divoire-sorganise-a-mettre-en-place-une-equipe-medicale-durgence\/\" \/>\n<meta property=\"og:locale\" content=\"fr_FR\" \/>\n<meta property=\"og:type\" content=\"article\" \/>\n<meta property=\"og:title\" content=\"Sant\u00e9 - Face aux \u00e9pid\u00e9mies : La C\u00f4te d\u2019Ivoire s\u2019organise \u00e0 mettre en place une \u00e9quipe m\u00e9dicale d\u2019urgence - AFRIK Management\" \/>\n<meta property=\"og:description\" content=\"S&#039;abonner ou S&#039;identifier pour lire le reste de l&#039;article.\" \/>\n<meta property=\"og:url\" content=\"https:\/\/afrikmanagement.com\/index.php\/2025\/07\/30\/sante-face-aux-epidemies-la-cote-divoire-sorganise-a-mettre-en-place-une-equipe-medicale-durgence\/\" \/>\n<meta property=\"og:site_name\" content=\"AFRIK Management\" \/>\n<meta property=\"article:publisher\" content=\"https:\/\/www.facebook.com\/afrikmanagement\" \/>\n<meta property=\"article:author\" content=\"https:\/\/www.facebook.com\/MbaEnLigne\" \/>\n<meta property=\"article:published_time\" content=\"2025-07-30T12:47:04+00:00\" \/>\n<meta property=\"og:image\" content=\"https:\/\/afrikmanagement.com\/wp-content\/uploads\/2025\/07\/UNE.jpeg\" \/>\n\t<meta property=\"og:image:width\" content=\"700\" \/>\n\t<meta property=\"og:image:height\" content=\"427\" \/>\n\t<meta property=\"og:image:type\" content=\"image\/jpeg\" \/>\n<meta name=\"author\" content=\"admin\" \/>\n<meta name=\"twitter:card\" content=\"summary_large_image\" \/>\n<meta name=\"twitter:creator\" content=\"@AfrikManagement\" \/>\n<meta name=\"twitter:site\" content=\"@AfrikManagement\" \/>\n<meta name=\"twitter:label1\" content=\"\u00c9crit par\" \/>\n\t<meta name=\"twitter:data1\" content=\"admin\" \/>\n\t<meta name=\"twitter:label2\" content=\"Dur\u00e9e de lecture estim\u00e9e\" \/>\n\t<meta name=\"twitter:data2\" content=\"3 minutes\" \/>\n<script type=\"application\/ld+json\" class=\"yoast-schema-graph\">{\"@context\":\"https:\\\/\\\/schema.org\",\"@graph\":[{\"@type\":\"Article\",\"@id\":\"https:\\\/\\\/afrikmanagement.com\\\/index.php\\\/2025\\\/07\\\/30\\\/sante-face-aux-epidemies-la-cote-divoire-sorganise-a-mettre-en-place-une-equipe-medicale-durgence\\\/#article\",\"isPartOf\":{\"@id\":\"https:\\\/\\\/afrikmanagement.com\\\/index.php\\\/2025\\\/07\\\/30\\\/sante-face-aux-epidemies-la-cote-divoire-sorganise-a-mettre-en-place-une-equipe-medicale-durgence\\\/\"},\"author\":{\"name\":\"admin\",\"@id\":\"https:\\\/\\\/afrikmanagement.com\\\/#\\\/schema\\\/person\\\/239948dddb34dc41d2a60c698e12449f\"},\"headline\":\"Sant\u00e9 &#8211; Face aux \u00e9pid\u00e9mies : La C\u00f4te d\u2019Ivoire s\u2019organise \u00e0 mettre en place une \u00e9quipe m\u00e9dicale d\u2019urgence\",\"datePublished\":\"2025-07-30T12:47:04+00:00\",\"mainEntityOfPage\":{\"@id\":\"https:\\\/\\\/afrikmanagement.com\\\/index.php\\\/2025\\\/07\\\/30\\\/sante-face-aux-epidemies-la-cote-divoire-sorganise-a-mettre-en-place-une-equipe-medicale-durgence\\\/\"},\"wordCount\":409,\"commentCount\":0,\"publisher\":{\"@id\":\"https:\\\/\\\/afrikmanagement.com\\\/#organization\"},\"image\":{\"@id\":\"https:\\\/\\\/afrikmanagement.com\\\/index.php\\\/2025\\\/07\\\/30\\\/sante-face-aux-epidemies-la-cote-divoire-sorganise-a-mettre-en-place-une-equipe-medicale-durgence\\\/#primaryimage\"},\"thumbnailUrl\":\"https:\\\/\\\/afrikmanagement.com\\\/wp-content\\\/uploads\\\/2025\\\/07\\\/UNE.jpeg\",\"keywords\":[\"Cedeao\",\"clinique\",\"crise\",\"h\u00f4tal\",\"infection\",\"institut\",\"maladie\",\"minist\u00e8re\",\"Sant\u00e9\"],\"articleSection\":[\"Sant\u00e9 &amp; Bien-\u00eatre\"],\"inLanguage\":\"fr-FR\",\"potentialAction\":[{\"@type\":\"CommentAction\",\"name\":\"Comment\",\"target\":[\"https:\\\/\\\/afrikmanagement.com\\\/index.php\\\/2025\\\/07\\\/30\\\/sante-face-aux-epidemies-la-cote-divoire-sorganise-a-mettre-en-place-une-equipe-medicale-durgence\\\/#respond\"]}]},{\"@type\":\"WebPage\",\"@id\":\"https:\\\/\\\/afrikmanagement.com\\\/index.php\\\/2025\\\/07\\\/30\\\/sante-face-aux-epidemies-la-cote-divoire-sorganise-a-mettre-en-place-une-equipe-medicale-durgence\\\/\",\"url\":\"https:\\\/\\\/afrikmanagement.com\\\/index.php\\\/2025\\\/07\\\/30\\\/sante-face-aux-epidemies-la-cote-divoire-sorganise-a-mettre-en-place-une-equipe-medicale-durgence\\\/\",\"name\":\"Sant\u00e9 - Face aux \u00e9pid\u00e9mies : La C\u00f4te d\u2019Ivoire s\u2019organise \u00e0 mettre en place une \u00e9quipe m\u00e9dicale d\u2019urgence - AFRIK Management\",\"isPartOf\":{\"@id\":\"https:\\\/\\\/afrikmanagement.com\\\/#website\"},\"primaryImageOfPage\":{\"@id\":\"https:\\\/\\\/afrikmanagement.com\\\/index.php\\\/2025\\\/07\\\/30\\\/sante-face-aux-epidemies-la-cote-divoire-sorganise-a-mettre-en-place-une-equipe-medicale-durgence\\\/#primaryimage\"},\"image\":{\"@id\":\"https:\\\/\\\/afrikmanagement.com\\\/index.php\\\/2025\\\/07\\\/30\\\/sante-face-aux-epidemies-la-cote-divoire-sorganise-a-mettre-en-place-une-equipe-medicale-durgence\\\/#primaryimage\"},\"thumbnailUrl\":\"https:\\\/\\\/afrikmanagement.com\\\/wp-content\\\/uploads\\\/2025\\\/07\\\/UNE.jpeg\",\"datePublished\":\"2025-07-30T12:47:04+00:00\",\"breadcrumb\":{\"@id\":\"https:\\\/\\\/afrikmanagement.com\\\/index.php\\\/2025\\\/07\\\/30\\\/sante-face-aux-epidemies-la-cote-divoire-sorganise-a-mettre-en-place-une-equipe-medicale-durgence\\\/#breadcrumb\"},\"inLanguage\":\"fr-FR\",\"potentialAction\":[{\"@type\":\"ReadAction\",\"target\":[\"https:\\\/\\\/afrikmanagement.com\\\/index.php\\\/2025\\\/07\\\/30\\\/sante-face-aux-epidemies-la-cote-divoire-sorganise-a-mettre-en-place-une-equipe-medicale-durgence\\\/\"]}]},{\"@type\":\"ImageObject\",\"inLanguage\":\"fr-FR\",\"@id\":\"https:\\\/\\\/afrikmanagement.com\\\/index.php\\\/2025\\\/07\\\/30\\\/sante-face-aux-epidemies-la-cote-divoire-sorganise-a-mettre-en-place-une-equipe-medicale-durgence\\\/#primaryimage\",\"url\":\"https:\\\/\\\/afrikmanagement.com\\\/wp-content\\\/uploads\\\/2025\\\/07\\\/UNE.jpeg\",\"contentUrl\":\"https:\\\/\\\/afrikmanagement.com\\\/wp-content\\\/uploads\\\/2025\\\/07\\\/UNE.jpeg\",\"width\":700,\"height\":427},{\"@type\":\"BreadcrumbList\",\"@id\":\"https:\\\/\\\/afrikmanagement.com\\\/index.php\\\/2025\\\/07\\\/30\\\/sante-face-aux-epidemies-la-cote-divoire-sorganise-a-mettre-en-place-une-equipe-medicale-durgence\\\/#breadcrumb\",\"itemListElement\":[{\"@type\":\"ListItem\",\"position\":1,\"name\":\"Accueil\",\"item\":\"https:\\\/\\\/afrikmanagement.com\\\/\"},{\"@type\":\"ListItem\",\"position\":2,\"name\":\"Sant\u00e9 &#8211; Face aux \u00e9pid\u00e9mies : La C\u00f4te d\u2019Ivoire s\u2019organise \u00e0 mettre en place une \u00e9quipe m\u00e9dicale d\u2019urgence\"}]},{\"@type\":\"WebSite\",\"@id\":\"https:\\\/\\\/afrikmanagement.com\\\/#website\",\"url\":\"https:\\\/\\\/afrikmanagement.com\\\/\",\"name\":\"AFRIK Management\",\"description\":\"\",\"publisher\":{\"@id\":\"https:\\\/\\\/afrikmanagement.com\\\/#organization\"},\"potentialAction\":[{\"@type\":\"SearchAction\",\"target\":{\"@type\":\"EntryPoint\",\"urlTemplate\":\"https:\\\/\\\/afrikmanagement.com\\\/?s={search_term_string}\"},\"query-input\":{\"@type\":\"PropertyValueSpecification\",\"valueRequired\":true,\"valueName\":\"search_term_string\"}}],\"inLanguage\":\"fr-FR\"},{\"@type\":\"Organization\",\"@id\":\"https:\\\/\\\/afrikmanagement.com\\\/#organization\",\"name\":\"AFRIK Management\",\"url\":\"https:\\\/\\\/afrikmanagement.com\\\/\",\"logo\":{\"@type\":\"ImageObject\",\"inLanguage\":\"fr-FR\",\"@id\":\"https:\\\/\\\/afrikmanagement.com\\\/#\\\/schema\\\/logo\\\/image\\\/\",\"url\":\"https:\\\/\\\/afrikmanagement.com\\\/wp-content\\\/uploads\\\/2023\\\/04\\\/Logo-Arik_Plan-de-travail-1-01.svg\",\"contentUrl\":\"https:\\\/\\\/afrikmanagement.com\\\/wp-content\\\/uploads\\\/2023\\\/04\\\/Logo-Arik_Plan-de-travail-1-01.svg\",\"width\":1,\"height\":1,\"caption\":\"AFRIK Management\"},\"image\":{\"@id\":\"https:\\\/\\\/afrikmanagement.com\\\/#\\\/schema\\\/logo\\\/image\\\/\"},\"sameAs\":[\"https:\\\/\\\/www.facebook.com\\\/afrikmanagement\",\"https:\\\/\\\/x.com\\\/AfrikManagement\"]},{\"@type\":\"Person\",\"@id\":\"https:\\\/\\\/afrikmanagement.com\\\/#\\\/schema\\\/person\\\/239948dddb34dc41d2a60c698e12449f\",\"name\":\"admin\",\"image\":{\"@type\":\"ImageObject\",\"inLanguage\":\"fr-FR\",\"@id\":\"https:\\\/\\\/secure.gravatar.com\\\/avatar\\\/62087c831dec66564c746c71bb8ffe1c4185dd130949febb5e82199256bf4e5d?s=96&d=mm&r=g\",\"url\":\"https:\\\/\\\/secure.gravatar.com\\\/avatar\\\/62087c831dec66564c746c71bb8ffe1c4185dd130949febb5e82199256bf4e5d?s=96&d=mm&r=g\",\"contentUrl\":\"https:\\\/\\\/secure.gravatar.com\\\/avatar\\\/62087c831dec66564c746c71bb8ffe1c4185dd130949febb5e82199256bf4e5d?s=96&d=mm&r=g\",\"caption\":\"admin\"},\"description\":\"Soutenez votre m\u00e9dia ind\u00e9pendant de management : abonnez-vous \u00e0 Afrik Management au service des individus et des organisations ! \u00c0 15 \u20ac\\\/An A compter de f\u00e9vrier 2024, acc\u00e9dez \u00e0 des contenus exclusifs sur et naviguez pour 15 \u20ac par an seulement ! Notre mission en tant que m\u00e9dia de management ? Rendre le savoir accessible au plus grand monde. Nous produisons chaque jour nos propres articles, enqu\u00eates et reportages, le tout \u00e0 taille humaine. Soutenez-nous dans cette d\u00e9marche et cette ambition.\",\"sameAs\":[\"https:\\\/\\\/cvpt.tn\",\"https:\\\/\\\/www.facebook.com\\\/MbaEnLigne\",\"UC7p9v9qjJHnCt36C5PvHKhg\"],\"url\":\"https:\\\/\\\/afrikmanagement.com\\\/index.php\\\/author\\\/wxrmg2xuqd\\\/\"}]}<\/script>\n<!-- \/ Yoast SEO plugin. -->","yoast_head_json":{"title":"Sant\u00e9 - Face aux \u00e9pid\u00e9mies : La C\u00f4te d\u2019Ivoire s\u2019organise \u00e0 mettre en place une \u00e9quipe m\u00e9dicale d\u2019urgence - AFRIK Management","robots":{"index":"index","follow":"follow","max-snippet":"max-snippet:-1","max-image-preview":"max-image-preview:large","max-video-preview":"max-video-preview:-1"},"canonical":"https:\/\/afrikmanagement.com\/index.php\/2025\/07\/30\/sante-face-aux-epidemies-la-cote-divoire-sorganise-a-mettre-en-place-une-equipe-medicale-durgence\/","og_locale":"fr_FR","og_type":"article","og_title":"Sant\u00e9 - Face aux \u00e9pid\u00e9mies : La C\u00f4te d\u2019Ivoire s\u2019organise \u00e0 mettre en place une \u00e9quipe m\u00e9dicale d\u2019urgence - AFRIK Management","og_description":"S'abonner ou S'identifier pour lire le reste de l'article.","og_url":"https:\/\/afrikmanagement.com\/index.php\/2025\/07\/30\/sante-face-aux-epidemies-la-cote-divoire-sorganise-a-mettre-en-place-une-equipe-medicale-durgence\/","og_site_name":"AFRIK Management","article_publisher":"https:\/\/www.facebook.com\/afrikmanagement","article_author":"https:\/\/www.facebook.com\/MbaEnLigne","article_published_time":"2025-07-30T12:47:04+00:00","og_image":[{"width":700,"height":427,"url":"https:\/\/afrikmanagement.com\/wp-content\/uploads\/2025\/07\/UNE.jpeg","type":"image\/jpeg"}],"author":"admin","twitter_card":"summary_large_image","twitter_creator":"@AfrikManagement","twitter_site":"@AfrikManagement","twitter_misc":{"\u00c9crit par":"admin","Dur\u00e9e de lecture estim\u00e9e":"3 minutes"},"schema":{"@context":"https:\/\/schema.org","@graph":[{"@type":"Article","@id":"https:\/\/afrikmanagement.com\/index.php\/2025\/07\/30\/sante-face-aux-epidemies-la-cote-divoire-sorganise-a-mettre-en-place-une-equipe-medicale-durgence\/#article","isPartOf":{"@id":"https:\/\/afrikmanagement.com\/index.php\/2025\/07\/30\/sante-face-aux-epidemies-la-cote-divoire-sorganise-a-mettre-en-place-une-equipe-medicale-durgence\/"},"author":{"name":"admin","@id":"https:\/\/afrikmanagement.com\/#\/schema\/person\/239948dddb34dc41d2a60c698e12449f"},"headline":"Sant\u00e9 &#8211; Face aux \u00e9pid\u00e9mies : La C\u00f4te d\u2019Ivoire s\u2019organise \u00e0 mettre en place une \u00e9quipe m\u00e9dicale d\u2019urgence","datePublished":"2025-07-30T12:47:04+00:00","mainEntityOfPage":{"@id":"https:\/\/afrikmanagement.com\/index.php\/2025\/07\/30\/sante-face-aux-epidemies-la-cote-divoire-sorganise-a-mettre-en-place-une-equipe-medicale-durgence\/"},"wordCount":409,"commentCount":0,"publisher":{"@id":"https:\/\/afrikmanagement.com\/#organization"},"image":{"@id":"https:\/\/afrikmanagement.com\/index.php\/2025\/07\/30\/sante-face-aux-epidemies-la-cote-divoire-sorganise-a-mettre-en-place-une-equipe-medicale-durgence\/#primaryimage"},"thumbnailUrl":"https:\/\/afrikmanagement.com\/wp-content\/uploads\/2025\/07\/UNE.jpeg","keywords":["Cedeao","clinique","crise","h\u00f4tal","infection","institut","maladie","minist\u00e8re","Sant\u00e9"],"articleSection":["Sant\u00e9 &amp; Bien-\u00eatre"],"inLanguage":"fr-FR","potentialAction":[{"@type":"CommentAction","name":"Comment","target":["https:\/\/afrikmanagement.com\/index.php\/2025\/07\/30\/sante-face-aux-epidemies-la-cote-divoire-sorganise-a-mettre-en-place-une-equipe-medicale-durgence\/#respond"]}]},{"@type":"WebPage","@id":"https:\/\/afrikmanagement.com\/index.php\/2025\/07\/30\/sante-face-aux-epidemies-la-cote-divoire-sorganise-a-mettre-en-place-une-equipe-medicale-durgence\/","url":"https:\/\/afrikmanagement.com\/index.php\/2025\/07\/30\/sante-face-aux-epidemies-la-cote-divoire-sorganise-a-mettre-en-place-une-equipe-medicale-durgence\/","name":"Sant\u00e9 - Face aux \u00e9pid\u00e9mies : La C\u00f4te d\u2019Ivoire s\u2019organise \u00e0 mettre en place une \u00e9quipe m\u00e9dicale d\u2019urgence - AFRIK Management","isPartOf":{"@id":"https:\/\/afrikmanagement.com\/#website"},"primaryImageOfPage":{"@id":"https:\/\/afrikmanagement.com\/index.php\/2025\/07\/30\/sante-face-aux-epidemies-la-cote-divoire-sorganise-a-mettre-en-place-une-equipe-medicale-durgence\/#primaryimage"},"image":{"@id":"https:\/\/afrikmanagement.com\/index.php\/2025\/07\/30\/sante-face-aux-epidemies-la-cote-divoire-sorganise-a-mettre-en-place-une-equipe-medicale-durgence\/#primaryimage"},"thumbnailUrl":"https:\/\/afrikmanagement.com\/wp-content\/uploads\/2025\/07\/UNE.jpeg","datePublished":"2025-07-30T12:47:04+00:00","breadcrumb":{"@id":"https:\/\/afrikmanagement.com\/index.php\/2025\/07\/30\/sante-face-aux-epidemies-la-cote-divoire-sorganise-a-mettre-en-place-une-equipe-medicale-durgence\/#breadcrumb"},"inLanguage":"fr-FR","potentialAction":[{"@type":"ReadAction","target":["https:\/\/afrikmanagement.com\/index.php\/2025\/07\/30\/sante-face-aux-epidemies-la-cote-divoire-sorganise-a-mettre-en-place-une-equipe-medicale-durgence\/"]}]},{"@type":"ImageObject","inLanguage":"fr-FR","@id":"https:\/\/afrikmanagement.com\/index.php\/2025\/07\/30\/sante-face-aux-epidemies-la-cote-divoire-sorganise-a-mettre-en-place-une-equipe-medicale-durgence\/#primaryimage","url":"https:\/\/afrikmanagement.com\/wp-content\/uploads\/2025\/07\/UNE.jpeg","contentUrl":"https:\/\/afrikmanagement.com\/wp-content\/uploads\/2025\/07\/UNE.jpeg","width":700,"height":427},{"@type":"BreadcrumbList","@id":"https:\/\/afrikmanagement.com\/index.php\/2025\/07\/30\/sante-face-aux-epidemies-la-cote-divoire-sorganise-a-mettre-en-place-une-equipe-medicale-durgence\/#breadcrumb","itemListElement":[{"@type":"ListItem","position":1,"name":"Accueil","item":"https:\/\/afrikmanagement.com\/"},{"@type":"ListItem","position":2,"name":"Sant\u00e9 &#8211; Face aux \u00e9pid\u00e9mies : La C\u00f4te d\u2019Ivoire s\u2019organise \u00e0 mettre en place une \u00e9quipe m\u00e9dicale d\u2019urgence"}]},{"@type":"WebSite","@id":"https:\/\/afrikmanagement.com\/#website","url":"https:\/\/afrikmanagement.com\/","name":"AFRIK Management","description":"","publisher":{"@id":"https:\/\/afrikmanagement.com\/#organization"},"potentialAction":[{"@type":"SearchAction","target":{"@type":"EntryPoint","urlTemplate":"https:\/\/afrikmanagement.com\/?s={search_term_string}"},"query-input":{"@type":"PropertyValueSpecification","valueRequired":true,"valueName":"search_term_string"}}],"inLanguage":"fr-FR"},{"@type":"Organization","@id":"https:\/\/afrikmanagement.com\/#organization","name":"AFRIK Management","url":"https:\/\/afrikmanagement.com\/","logo":{"@type":"ImageObject","inLanguage":"fr-FR","@id":"https:\/\/afrikmanagement.com\/#\/schema\/logo\/image\/","url":"https:\/\/afrikmanagement.com\/wp-content\/uploads\/2023\/04\/Logo-Arik_Plan-de-travail-1-01.svg","contentUrl":"https:\/\/afrikmanagement.com\/wp-content\/uploads\/2023\/04\/Logo-Arik_Plan-de-travail-1-01.svg","width":1,"height":1,"caption":"AFRIK Management"},"image":{"@id":"https:\/\/afrikmanagement.com\/#\/schema\/logo\/image\/"},"sameAs":["https:\/\/www.facebook.com\/afrikmanagement","https:\/\/x.com\/AfrikManagement"]},{"@type":"Person","@id":"https:\/\/afrikmanagement.com\/#\/schema\/person\/239948dddb34dc41d2a60c698e12449f","name":"admin","image":{"@type":"ImageObject","inLanguage":"fr-FR","@id":"https:\/\/secure.gravatar.com\/avatar\/62087c831dec66564c746c71bb8ffe1c4185dd130949febb5e82199256bf4e5d?s=96&d=mm&r=g","url":"https:\/\/secure.gravatar.com\/avatar\/62087c831dec66564c746c71bb8ffe1c4185dd130949febb5e82199256bf4e5d?s=96&d=mm&r=g","contentUrl":"https:\/\/secure.gravatar.com\/avatar\/62087c831dec66564c746c71bb8ffe1c4185dd130949febb5e82199256bf4e5d?s=96&d=mm&r=g","caption":"admin"},"description":"Soutenez votre m\u00e9dia ind\u00e9pendant de management : abonnez-vous \u00e0 Afrik Management au service des individus et des organisations ! \u00c0 15 \u20ac\/An A compter de f\u00e9vrier 2024, acc\u00e9dez \u00e0 des contenus exclusifs sur et naviguez pour 15 \u20ac par an seulement ! Notre mission en tant que m\u00e9dia de management ? Rendre le savoir accessible au plus grand monde. Nous produisons chaque jour nos propres articles, enqu\u00eates et reportages, le tout \u00e0 taille humaine. Soutenez-nous dans cette d\u00e9marche et cette ambition.","sameAs":["https:\/\/cvpt.tn","https:\/\/www.facebook.com\/MbaEnLigne","UC7p9v9qjJHnCt36C5PvHKhg"],"url":"https:\/\/afrikmanagement.com\/index.php\/author\/wxrmg2xuqd\/"}]}},"_links":{"self":[{"href":"https:\/\/afrikmanagement.com\/index.php\/wp-json\/wp\/v2\/posts\/11825","targetHints":{"allow":["GET"]}}],"collection":[{"href":"https:\/\/afrikmanagement.com\/index.php\/wp-json\/wp\/v2\/posts"}],"about":[{"href":"https:\/\/afrikmanagement.com\/index.php\/wp-json\/wp\/v2\/types\/post"}],"author":[{"embeddable":true,"href":"https:\/\/afrikmanagement.com\/index.php\/wp-json\/wp\/v2\/users\/5"}],"replies":[{"embeddable":true,"href":"https:\/\/afrikmanagement.com\/index.php\/wp-json\/wp\/v2\/comments?post=11825"}],"version-history":[{"count":1,"href":"https:\/\/afrikmanagement.com\/index.php\/wp-json\/wp\/v2\/posts\/11825\/revisions"}],"predecessor-version":[{"id":11828,"href":"https:\/\/afrikmanagement.com\/index.php\/wp-json\/wp\/v2\/posts\/11825\/revisions\/11828"}],"wp:featuredmedia":[{"embeddable":true,"href":"https:\/\/afrikmanagement.com\/index.php\/wp-json\/wp\/v2\/media\/11827"}],"wp:attachment":[{"href":"https:\/\/afrikmanagement.com\/index.php\/wp-json\/wp\/v2\/media?parent=11825"}],"wp:term":[{"taxonomy":"category","embeddable":true,"href":"https:\/\/afrikmanagement.com\/index.php\/wp-json\/wp\/v2\/categories?post=11825"},{"taxonomy":"post_tag","embeddable":true,"href":"https:\/\/afrikmanagement.com\/index.php\/wp-json\/wp\/v2\/tags?post=11825"}],"curies":[{"name":"wp","href":"https:\/\/api.w.org\/{rel}","templated":true}]}}